{"id":7427,"date":"2020-05-08T06:49:58","date_gmt":"2020-05-08T06:49:58","guid":{"rendered":"https:\/\/www.mulch.ro\/amenajarare-gradina-cu-mulch\/"},"modified":"2021-02-23T10:15:37","modified_gmt":"2021-02-23T10:15:37","slug":"kertepites-mulccsal","status":"publish","type":"post","link":"https:\/\/www.mulch.ro\/hu\/kertepites-mulccsal\/","title":{"rendered":"Kert\u00e9p\u00edt\u00e9s mulccsal"},"content":{"rendered":"<p>[vc_row][vc_column][vc_column_text]A legjobb id\u0151megtakar\u00edt\u00e1s egy kert\u00e9sz sz\u00e1m\u00e1ra az, hogy mulcsot haszn\u00e1l. Ez mindenhol \u00e9rv\u00e9nyes, z\u00f6lds\u00e9geskertt\u0151l a vir\u00e1g\u00e1gy\u00e1sokig. A mulcsos kertek eg\u00e9szs\u00e9gesebben n\u00f6vekednek, kevesebb a gyom benn\u00fck \u00e9s jobban ellen\u00e1llnak a sz\u00e1razs\u00e1gnak, mint azon kertek, ahol nem haszn\u00e1lnak mulcsot. Megfelel\u0151 m\u00f3don elv\u00e9gezve, t\u00f6bb ideje lesz az \u00f6nt\u00f6z\u00e9sre, \u00e9s arra, hogy a k\u00e1rtev\u0151k \u00e1ltal okozott probl\u00e9m\u00e1k ellen is tudjon harcolni.<\/p>\n<p>Hogy haszn\u00e1lja a mulcsot?<\/p>\n<p>A gyomirt\u00e1sra n\u00e9zve a mulcs haszn\u00e1lat\u00e1nak k\u00e9t nagyon fontos szab\u00e1lya van. Els\u0151 sorban, helyezze mulcsot a m\u00e1r felkap\u00e1lt talajra, m\u00e1sodj\u00e1ra pedig megfelel\u0151 r\u00e9tegben helyezze el, hogy a gyomok ne tudjanak k\u00f6zte kifejl\u0151dni.<\/p>\n<p>Lehet, hogy egy 10-15 cm mulcs r\u00e9tegre lesz sz\u00fcks\u00e9g, hogy teljesen elriassza a gyomokat, hab\u00e1r egy 5-7 cm r\u00e9teg\u0171 mulcs \u00e1ltal\u00e1ban el\u00e9g szokott lenni \u00e1rny\u00e9kos helyeken. Ha tudom\u00e1sa van arr\u00f3l, hogy egy \u00e1gy\u00e1s gyomn\u00f6v\u00e9ny maggal ezt megel\u0151z\u0151en be volt sz\u00f3rva, vagy \u00e9vel\u0151 gy\u00f6kerek vannak benne, akkor haszn\u00e1lhatja a dupla mulcsoz\u00e1s technik\u00e1j\u00e1t, hogy elker\u00fclje a gyomok gyors terjed\u00e9s\u00e9t. Helyezze a n\u00f6v\u00e9nyeket a hely\u00fckre, majd helyezze el a mulcsot.<\/p>\n<p>Azok a mulcsok, amelyek megtartj\u00e1k a nedvess\u00e9get (mint pl. a faforg\u00e1cs) lelass\u00edthatj\u00e1k a talaj felmeleged\u00e9s\u00e9t. Tavasszal, gyorsabb n\u00f6veked\u00e9s \u00e9rdek\u00e9ben, t\u00e1vol\u00edtsa el a mulcsot a gy\u00f6kerekr\u0151l. A vir\u00e1gok \u00e9s a z\u00f6lds\u00e9gek sz\u00e1r\u00e1ra halmozott mulcs rothad\u00e1st id\u00e9zhet el\u0151; a korona, vagy a sz\u00e1r \u00e9s a mulcs k\u00f6z\u00f6tt tartson kb. 1 cm. T\u00e1vols\u00e1got.<\/p>\n<p>A cserj\u00e9k \u00e9s a f\u00e1k sz\u00e1r\u00e1ra halmozott mulcs hasonl\u00f3k\u00e9ppen el\u0151id\u00e9zheti a rothad\u00e1st \u00e9s b\u00e1tor\u00edtja a r\u00e1gcs\u00e1l\u00f3kat (mint pl. a moly \u00e9s az egerek), hogy ott f\u00e9szkeljenek. Tartsa 6-12 cm t\u00e1vols\u00e1gra a mulcsot a t\u00f6rzst\u0151l.<\/p>\n<p>A kertedhez v\u00e1laszd a mulcsot<\/p>\n<p>A mulcsnak k\u00e9t alapt\u00edpusa van: szerves \u00e9s szervetlen. A szerves mulcsok el\u0151z\u0151leg \u00e9l\u0151 anyagokat foglalnak magukba, mint az apr\u00f3zott lev\u00e9l, sz\u00e9na, f\u0171ny\u00edr\u00e1s, komposzt, faforg\u00e1cs, apr\u00f3zott k\u00e9reg, f\u0171r\u00e9szpor, t\u0171levelek \u00e9s ak\u00e1r pap\u00edr is. A szervetlen mulcsok fekete m\u0171anyagot \u00e9s geotextil\u00ed\u00e1kat (t\u00e1j sz\u00f6veteket) foglalnak magukban.<\/p>\n<p>Mindk\u00e9t t\u00edpus elriasztja a gyomokat, de a szerves mulcsok, ahogy lebomlanak, jav\u00edtj\u00e1k a talajt is. A szervetlen mulcsok nem bomlanak le \u00e9s nem jav\u00edtj\u00e1k a talaj min\u0151s\u00e9g\u00e9t, de bizonyos esetekben el\u0151nyt jelent ezeket haszn\u00e1lni. P\u00e9ld\u00e1ul, a fekete m\u0171anyag mulcs felmeleg\u00edti a talajt \u00e9s \u00e9jszaka meleget bocs\u00e1t ki, seg\u00edtve azokon a z\u00f6lds\u00e9geken, amelyek szeretik a meleget, mint pl. a padlizs\u00e1n \u00e9s a cherry paradicsom.<\/p>\n<p>M\u0171anyag mulcsoz\u00e1s<\/p>\n<p>Egy z\u00f6lds\u00e9geskert fekete m\u0171anyag filmmel val\u00f3 mulcsoz\u00e1sa csod\u00e1kat m\u0171velhet. Amikor szorosan a talaj sz\u00e1raz fel\u00fclet\u00e9n van kiter\u00edtve, a m\u0171anyag tov\u00e1bb\u00edtani fogja a nap meleg\u00e9t az alatta elhelyezked\u0151 talajnak, egy legkevesebb h\u00e1rom fokkal magasabb el\u0151ny\u00f6s mikrokl\u00edm\u00e1t kialak\u00edtva, mint az olyan kertekben, ahol nincs ilyen mulcsoz\u00e1s. Mivel a m\u0171anyag f\u00f3lia meleg \u00e9s sz\u00e1raz marad, \u00f3vja a sz\u0151l\u0151s term\u00e9s\u00e9t, a f\u00f6ldieper \u00fcltetv\u00e9nyeket, a dinny\u00e9t \u00e9s az ubork\u00e1t is a rothad\u00e1s ellen \u00e9s tiszt\u00e1n tartja ezeket. \u00c9s, term\u00e9szetesen, a mulcsok megakad\u00e1lyozz\u00e1k a gyomok n\u00f6veked\u00e9s\u00e9t \u00e9s meg\u0151rzik a talaj nedvess\u00e9g\u00e9t.<\/p>\n<p>Az infrav\u00f6r\u00f6s sugarakat (IRT) \u00e1tad\u00f3 anyagok t\u00f6bbe ker\u00fclnek, mint a standard fekete m\u0171anyag, de nagyobb teljes\u00edm\u00e9nyt is hozhatnak. Ezek a m\u0171anyagok felmeleg\u00edtik a talajt, pont \u00fagy mint a m\u0171anyag, de ellen\u0151rzik a gyomokat is, mint a fekete m\u0171anyag is. A magas \u00e1gy\u00e1sokon, az \u00e1gy\u00e1s teljes fel\u00fclet\u00e9re helyezzen fel egy m\u0171anyag f\u00f3li\u00e1t. A sz\u00e9leit temesse be a f\u00f6ldbe vagy n\u00e9h\u00e1ny k\u0151vel takarja le. Egy izz\u00f3 t\u00e1rgy gyorsan k\u00e1rt okozhat ezeken a f\u00f3li\u00e1kon.<\/p>\n<p>Ne haszn\u00e1ljon m\u0171anyag mulcsot a cserj\u00e9k alatt. Hab\u00e1r ellen\u00e1ll a gyomoknak \u00e9s dekorat\u00edv mulcsokkal is \u00e1lc\u00e1zhat\u00f3, a fekete m\u0171anyag hossz\u00fa t\u00e1von k\u00e1rt okoz a cserj\u00e9k eg\u00e9szs\u00e9g\u00e9nek. Mivel a v\u00edz \u00e9s a leveg\u0151 nem tud behatolni a m\u0171anyagba, a gy\u00f6kerek a felsz\u00edn k\u00f6zel\u00e9ben n\u00f6vekednek \u2013 van amikor pont a m\u0171anyag alatt \u2013 nedvess\u00e9get \u00e9s oxig\u00e9nt keresve. A felsz\u00ednen elhelyezked\u0151 gy\u00f6kerek oxig\u00e9n \u00e9s nedvess\u00e9g hi\u00e1nyban szenvednek \u00e9s ki vannak t\u00e9ve a t\u00falmeleged\u00e9s vagy a lefagy\u00e1s vesz\u00e9ly\u00e9nek. V\u00e9g\u00fcl pedig ki fognak halni.[\/vc_column_text][\/vc_column][\/vc_row]<\/p>\n","protected":false},"excerpt":{"rendered":"<p>[vc_row][vc_column][vc_column_text]A legjobb id\u0151megtakar\u00edt\u00e1s egy kert\u00e9sz sz\u00e1m\u00e1ra az, hogy mulcsot haszn\u00e1l. Ez mindenhol \u00e9rv\u00e9nyes, z\u00f6lds\u00e9geskertt\u0151l a vir\u00e1g\u00e1gy\u00e1sokig. A mulcsos kertek eg\u00e9szs\u00e9gesebben n\u00f6vekednek, kevesebb a gyom benn\u00fck \u00e9s jobban ellen\u00e1llnak a sz\u00e1razs\u00e1gnak, mint azon kertek, ahol nem haszn\u00e1lnak mulcsot. Megfelel\u0151 m\u00f3don elv\u00e9gezve, t\u00f6bb ideje lesz az \u00f6nt\u00f6z\u00e9sre, \u00e9s arra, hogy a k\u00e1rtev\u0151k \u00e1ltal okozott probl\u00e9m\u00e1k ellen is [&hellip;]<\/p>\n","protected":false},"author":1,"featured_media":7428,"comment_status":"open","ping_status":"open","sticky":false,"template":"","format":"standard","meta":[],"categories":[106],"tags":[153,154,155,156],"aioseo_notices":[],"featured_image_src":{"landsacpe":["https:\/\/www.mulch.ro\/wp-content\/uploads\/2020\/05\/IMG-20200421-WA0016.jpg",593,445,false],"list":["https:\/\/www.mulch.ro\/wp-content\/uploads\/2020\/05\/IMG-20200421-WA0016.jpg",463,348,false],"medium":["https:\/\/www.mulch.ro\/wp-content\/uploads\/2020\/05\/IMG-20200421-WA0016-300x225.jpg",300,225,true],"full":["https:\/\/www.mulch.ro\/wp-content\/uploads\/2020\/05\/IMG-20200421-WA0016.jpg",1600,1200,false]},"_links":{"self":[{"href":"https:\/\/www.mulch.ro\/hu\/wp-json\/wp\/v2\/posts\/7427"}],"collection":[{"href":"https:\/\/www.mulch.ro\/hu\/wp-json\/wp\/v2\/posts"}],"about":[{"href":"https:\/\/www.mulch.ro\/hu\/wp-json\/wp\/v2\/types\/post"}],"author":[{"embeddable":true,"href":"https:\/\/www.mulch.ro\/hu\/wp-json\/wp\/v2\/users\/1"}],"replies":[{"embeddable":true,"href":"https:\/\/www.mulch.ro\/hu\/wp-json\/wp\/v2\/comments?post=7427"}],"version-history":[{"count":2,"href":"https:\/\/www.mulch.ro\/hu\/wp-json\/wp\/v2\/posts\/7427\/revisions"}],"predecessor-version":[{"id":7430,"href":"https:\/\/www.mulch.ro\/hu\/wp-json\/wp\/v2\/posts\/7427\/revisions\/7430"}],"wp:featuredmedia":[{"embeddable":true,"href":"https:\/\/www.mulch.ro\/hu\/wp-json\/wp\/v2\/media\/7428"}],"wp:attachment":[{"href":"https:\/\/www.mulch.ro\/hu\/wp-json\/wp\/v2\/media?parent=7427"}],"wp:term":[{"taxonomy":"category","embeddable":true,"href":"https:\/\/www.mulch.ro\/hu\/wp-json\/wp\/v2\/categories?post=7427"},{"taxonomy":"post_tag","embeddable":true,"href":"https:\/\/www.mulch.ro\/hu\/wp-json\/wp\/v2\/tags?post=7427"}],"curies":[{"name":"wp","href":"https:\/\/api.w.org\/{rel}","templated":true}]}}